{"id":9094,"date":"2022-06-15T16:11:00","date_gmt":"2022-06-15T14:11:00","guid":{"rendered":"https:\/\/www.caleido.it\/if-design-award-2022\/"},"modified":"2026-04-16T10:20:19","modified_gmt":"2026-04-16T08:20:19","slug":"if-design-award-2022","status":"publish","type":"post","link":"https:\/\/www.caleido.it\/fr\/if-design-award-2022\/","title":{"rendered":"iF DESIGN AWARD 2022"},"content":{"rendered":"\n<p>Le nouveau radiateur modulaire qui s&rsquo;int\u00e8gre harmonieusement dans l&rsquo;habitat contemporain a \u00e9t\u00e9 r\u00e9compens\u00e9 lors du dernier iF DESIGN AWARD, l&rsquo;un des prix de design les plus renomm\u00e9s au monde, synonyme de qualit\u00e9 et d&rsquo;excellence.<\/p>\n\n<figure class=\"wp-block-image size-large\"><img fetchpriority=\"high\" decoding=\"async\" width=\"720\" height=\"1024\" src=\"https:\/\/www.caleido.it\/wp-content\/uploads\/2026\/03\/Caleidoscopio-IFDesign-C0-720x1024.jpg\" alt=\"\" class=\"wp-image-4261\" srcset=\"https:\/\/www.caleido.it\/wp-content\/uploads\/2026\/03\/Caleidoscopio-IFDesign-C0-720x1024.jpg 720w, https:\/\/www.caleido.it\/wp-content\/uploads\/2026\/03\/Caleidoscopio-IFDesign-C0-211x300.jpg 211w, https:\/\/www.caleido.it\/wp-content\/uploads\/2026\/03\/Caleidoscopio-IFDesign-C0-768x1092.jpg 768w, https:\/\/www.caleido.it\/wp-content\/uploads\/2026\/03\/Caleidoscopio-IFDesign-C0.jpg 900w\" sizes=\"(max-width: 720px) 100vw, 720px\" \/><\/figure>\n\n<p>Parenth\u00e8se s&rsquo;est distingu\u00e9 dans la cat\u00e9gorie \u00ab\u00a0Technologie du b\u00e2timent\u00a0\u00bb parmi 11 000 candidatures provenant de 57 pays diff\u00e9rents et a \u00e9t\u00e9 r\u00e9compens\u00e9 par un jury compos\u00e9 de 132 experts en design de haut niveau provenant du monde entier.<\/p>\n\n<figure class=\"wp-block-image size-full\"><img decoding=\"async\" width=\"900\" height=\"674\" src=\"https:\/\/www.caleido.it\/wp-content\/uploads\/2026\/03\/Caleidoscopio-IFDesign-S0.jpg\" alt=\"\" class=\"wp-image-4262\" srcset=\"https:\/\/www.caleido.it\/wp-content\/uploads\/2026\/03\/Caleidoscopio-IFDesign-S0.jpg 900w, https:\/\/www.caleido.it\/wp-content\/uploads\/2026\/03\/Caleidoscopio-IFDesign-S0-300x225.jpg 300w, https:\/\/www.caleido.it\/wp-content\/uploads\/2026\/03\/Caleidoscopio-IFDesign-S0-768x575.jpg 768w\" sizes=\"(max-width: 900px) 100vw, 900px\" \/><\/figure>\n","protected":false},"excerpt":{"rendered":"<p>Le nouveau radiateur modulaire qui s&rsquo;int\u00e8gre harmonieusement dans l&rsquo;habitat contemporain a \u00e9t\u00e9 r\u00e9compens\u00e9 lors du dernier iF DESIGN AWARD, l&rsquo;un des prix de design les plus renomm\u00e9s au monde, synonyme de qualit\u00e9 et d&rsquo;excellence. Parenth\u00e8se s&rsquo;est distingu\u00e9 dans la cat\u00e9gorie \u00ab\u00a0Technologie du b\u00e2timent\u00a0\u00bb parmi 11 000 candidatures provenant de 57 pays diff\u00e9rents et a \u00e9t\u00e9 [&hellip;]<\/p>\n","protected":false},"author":2,"featured_media":9095,"comment_status":"open","ping_status":"open","sticky":false,"template":"","format":"standard","meta":{"_acf_changed":false,"footnotes":""},"categories":[108],"tags":[],"class_list":["post-9094","post","type-post","status-publish","format-standard","has-post-thumbnail","hentry","category-evenements"],"acf":[],"_links":{"self":[{"href":"https:\/\/www.caleido.it\/fr\/wp-json\/wp\/v2\/posts\/9094","targetHints":{"allow":["GET"]}}],"collection":[{"href":"https:\/\/www.caleido.it\/fr\/wp-json\/wp\/v2\/posts"}],"about":[{"href":"https:\/\/www.caleido.it\/fr\/wp-json\/wp\/v2\/types\/post"}],"author":[{"embeddable":true,"href":"https:\/\/www.caleido.it\/fr\/wp-json\/wp\/v2\/users\/2"}],"replies":[{"embeddable":true,"href":"https:\/\/www.caleido.it\/fr\/wp-json\/wp\/v2\/comments?post=9094"}],"version-history":[{"count":1,"href":"https:\/\/www.caleido.it\/fr\/wp-json\/wp\/v2\/posts\/9094\/revisions"}],"predecessor-version":[{"id":9096,"href":"https:\/\/www.caleido.it\/fr\/wp-json\/wp\/v2\/posts\/9094\/revisions\/9096"}],"wp:featuredmedia":[{"embeddable":true,"href":"https:\/\/www.caleido.it\/fr\/wp-json\/wp\/v2\/media\/9095"}],"wp:attachment":[{"href":"https:\/\/www.caleido.it\/fr\/wp-json\/wp\/v2\/media?parent=9094"}],"wp:term":[{"taxonomy":"category","embeddable":true,"href":"https:\/\/www.caleido.it\/fr\/wp-json\/wp\/v2\/categories?post=9094"},{"taxonomy":"post_tag","embeddable":true,"href":"https:\/\/www.caleido.it\/fr\/wp-json\/wp\/v2\/tags?post=9094"}],"curies":[{"name":"wp","href":"https:\/\/api.w.org\/{rel}","templated":true}]}}