{"id":9088,"date":"2022-06-15T16:11:00","date_gmt":"2022-06-15T14:11:00","guid":{"rendered":"https:\/\/www.caleido.it\/if-design-award-2022\/"},"modified":"2026-04-16T10:20:19","modified_gmt":"2026-04-16T08:20:19","slug":"if-design-award-2022","status":"publish","type":"post","link":"https:\/\/www.caleido.it\/es\/if-design-award-2022\/","title":{"rendered":"iF DESIGN AWARD 2022"},"content":{"rendered":"\n<p>El nuevo radiador modular que se integra armoniosamente en el escenario de la vida contempor\u00e1nea fue galardonado en la \u00faltima edici\u00f3n del iF DESIGN AWARD, uno de los premios de dise\u00f1o m\u00e1s renombrados del mundo, sin\u00f3nimo de calidad y excelencia.<\/p>\n\n<figure class=\"wp-block-image size-large\"><img fetchpriority=\"high\" decoding=\"async\" width=\"720\" height=\"1024\" src=\"https:\/\/www.caleido.it\/wp-content\/uploads\/2026\/03\/Caleidoscopio-IFDesign-C0-720x1024.jpg\" alt=\"\" class=\"wp-image-4261\" srcset=\"https:\/\/www.caleido.it\/wp-content\/uploads\/2026\/03\/Caleidoscopio-IFDesign-C0-720x1024.jpg 720w, https:\/\/www.caleido.it\/wp-content\/uploads\/2026\/03\/Caleidoscopio-IFDesign-C0-211x300.jpg 211w, https:\/\/www.caleido.it\/wp-content\/uploads\/2026\/03\/Caleidoscopio-IFDesign-C0-768x1092.jpg 768w, https:\/\/www.caleido.it\/wp-content\/uploads\/2026\/03\/Caleidoscopio-IFDesign-C0.jpg 900w\" sizes=\"(max-width: 720px) 100vw, 720px\" \/><\/figure>\n\n<p>Par\u00e9ntesis, destac\u00f3 en la categor\u00eda de \u00abTecnolog\u00eda de la construcci\u00f3n\u00bb entre 11.000 candidaturas presentadas de 57 pa\u00edses diferentes y fue premiado por un jurado de 132 expertos en dise\u00f1o de alto nivel de todo el mundo.<\/p>\n\n<figure class=\"wp-block-image size-full\"><img decoding=\"async\" width=\"900\" height=\"674\" src=\"https:\/\/www.caleido.it\/wp-content\/uploads\/2026\/03\/Caleidoscopio-IFDesign-S0.jpg\" alt=\"\" class=\"wp-image-4262\" srcset=\"https:\/\/www.caleido.it\/wp-content\/uploads\/2026\/03\/Caleidoscopio-IFDesign-S0.jpg 900w, https:\/\/www.caleido.it\/wp-content\/uploads\/2026\/03\/Caleidoscopio-IFDesign-S0-300x225.jpg 300w, https:\/\/www.caleido.it\/wp-content\/uploads\/2026\/03\/Caleidoscopio-IFDesign-S0-768x575.jpg 768w\" sizes=\"(max-width: 900px) 100vw, 900px\" \/><\/figure>\n","protected":false},"excerpt":{"rendered":"<p>El nuevo radiador modular que se integra armoniosamente en el escenario de la vida contempor\u00e1nea fue galardonado en la \u00faltima edici\u00f3n del iF DESIGN AWARD, uno de los premios de dise\u00f1o m\u00e1s renombrados del mundo, sin\u00f3nimo de calidad y excelencia. Par\u00e9ntesis, destac\u00f3 en la categor\u00eda de \u00abTecnolog\u00eda de la construcci\u00f3n\u00bb entre 11.000 candidaturas presentadas de [&hellip;]<\/p>\n","protected":false},"author":2,"featured_media":9089,"comment_status":"open","ping_status":"open","sticky":false,"template":"","format":"standard","meta":{"_acf_changed":false,"footnotes":""},"categories":[106],"tags":[],"class_list":["post-9088","post","type-post","status-publish","format-standard","has-post-thumbnail","hentry","category-eventos"],"acf":[],"_links":{"self":[{"href":"https:\/\/www.caleido.it\/es\/wp-json\/wp\/v2\/posts\/9088","targetHints":{"allow":["GET"]}}],"collection":[{"href":"https:\/\/www.caleido.it\/es\/wp-json\/wp\/v2\/posts"}],"about":[{"href":"https:\/\/www.caleido.it\/es\/wp-json\/wp\/v2\/types\/post"}],"author":[{"embeddable":true,"href":"https:\/\/www.caleido.it\/es\/wp-json\/wp\/v2\/users\/2"}],"replies":[{"embeddable":true,"href":"https:\/\/www.caleido.it\/es\/wp-json\/wp\/v2\/comments?post=9088"}],"version-history":[{"count":1,"href":"https:\/\/www.caleido.it\/es\/wp-json\/wp\/v2\/posts\/9088\/revisions"}],"predecessor-version":[{"id":9090,"href":"https:\/\/www.caleido.it\/es\/wp-json\/wp\/v2\/posts\/9088\/revisions\/9090"}],"wp:featuredmedia":[{"embeddable":true,"href":"https:\/\/www.caleido.it\/es\/wp-json\/wp\/v2\/media\/9089"}],"wp:attachment":[{"href":"https:\/\/www.caleido.it\/es\/wp-json\/wp\/v2\/media?parent=9088"}],"wp:term":[{"taxonomy":"category","embeddable":true,"href":"https:\/\/www.caleido.it\/es\/wp-json\/wp\/v2\/categories?post=9088"},{"taxonomy":"post_tag","embeddable":true,"href":"https:\/\/www.caleido.it\/es\/wp-json\/wp\/v2\/tags?post=9088"}],"curies":[{"name":"wp","href":"https:\/\/api.w.org\/{rel}","templated":true}]}}