{"id":9091,"date":"2022-06-15T16:11:00","date_gmt":"2022-06-15T14:11:00","guid":{"rendered":"https:\/\/www.caleido.it\/if-design-award-2022\/"},"modified":"2026-04-16T10:20:19","modified_gmt":"2026-04-16T08:20:19","slug":"if-design-award-2022","status":"publish","type":"post","link":"https:\/\/www.caleido.it\/de\/if-design-award-2022\/","title":{"rendered":"iF DESIGN AWARD 2022"},"content":{"rendered":"\n<p>Der neue modulare Heizk\u00f6rper, der sich harmonisch in das zeitgen\u00f6ssische Wohnszenario einf\u00fcgt, wurde beim letzten iF DESIGN AWARD ausgezeichnet, einem der renommiertesten Designpreise der Welt, der f\u00fcr Qualit\u00e4t und Exzellenz steht.<\/p>\n\n<figure class=\"wp-block-image size-large\"><img fetchpriority=\"high\" decoding=\"async\" width=\"720\" height=\"1024\" src=\"https:\/\/www.caleido.it\/wp-content\/uploads\/2026\/03\/Caleidoscopio-IFDesign-C0-720x1024.jpg\" alt=\"\" class=\"wp-image-4261\" srcset=\"https:\/\/www.caleido.it\/wp-content\/uploads\/2026\/03\/Caleidoscopio-IFDesign-C0-720x1024.jpg 720w, https:\/\/www.caleido.it\/wp-content\/uploads\/2026\/03\/Caleidoscopio-IFDesign-C0-211x300.jpg 211w, https:\/\/www.caleido.it\/wp-content\/uploads\/2026\/03\/Caleidoscopio-IFDesign-C0-768x1092.jpg 768w, https:\/\/www.caleido.it\/wp-content\/uploads\/2026\/03\/Caleidoscopio-IFDesign-C0.jpg 900w\" sizes=\"(max-width: 720px) 100vw, 720px\" \/><\/figure>\n\n<p>Parenthesis setzte sich in der Kategorie &#8218;Geb\u00e4udetechnik&#8216; unter 11.000 eingereichten Beitr\u00e4gen aus 57 verschiedenen L\u00e4ndern durch und wurde von einer Jury aus 132 hochkar\u00e4tigen Designexperten aus der ganzen Welt ausgezeichnet.<\/p>\n\n<figure class=\"wp-block-image size-full\"><img decoding=\"async\" width=\"900\" height=\"674\" src=\"https:\/\/www.caleido.it\/wp-content\/uploads\/2026\/03\/Caleidoscopio-IFDesign-S0.jpg\" alt=\"\" class=\"wp-image-4262\" srcset=\"https:\/\/www.caleido.it\/wp-content\/uploads\/2026\/03\/Caleidoscopio-IFDesign-S0.jpg 900w, https:\/\/www.caleido.it\/wp-content\/uploads\/2026\/03\/Caleidoscopio-IFDesign-S0-300x225.jpg 300w, https:\/\/www.caleido.it\/wp-content\/uploads\/2026\/03\/Caleidoscopio-IFDesign-S0-768x575.jpg 768w\" sizes=\"(max-width: 900px) 100vw, 900px\" \/><\/figure>\n","protected":false},"excerpt":{"rendered":"<p>Der neue modulare Heizk\u00f6rper, der sich harmonisch in das zeitgen\u00f6ssische Wohnszenario einf\u00fcgt, wurde beim letzten iF DESIGN AWARD ausgezeichnet, einem der renommiertesten Designpreise der Welt, der f\u00fcr Qualit\u00e4t und Exzellenz steht. Parenthesis setzte sich in der Kategorie &#8218;Geb\u00e4udetechnik&#8216; unter 11.000 eingereichten Beitr\u00e4gen aus 57 verschiedenen L\u00e4ndern durch und wurde von einer Jury aus 132 hochkar\u00e4tigen [&hellip;]<\/p>\n","protected":false},"author":2,"featured_media":9092,"comment_status":"open","ping_status":"open","sticky":false,"template":"","format":"standard","meta":{"_acf_changed":false,"footnotes":""},"categories":[104],"tags":[],"class_list":["post-9091","post","type-post","status-publish","format-standard","has-post-thumbnail","hentry","category-ereignisse"],"acf":[],"_links":{"self":[{"href":"https:\/\/www.caleido.it\/de\/wp-json\/wp\/v2\/posts\/9091","targetHints":{"allow":["GET"]}}],"collection":[{"href":"https:\/\/www.caleido.it\/de\/wp-json\/wp\/v2\/posts"}],"about":[{"href":"https:\/\/www.caleido.it\/de\/wp-json\/wp\/v2\/types\/post"}],"author":[{"embeddable":true,"href":"https:\/\/www.caleido.it\/de\/wp-json\/wp\/v2\/users\/2"}],"replies":[{"embeddable":true,"href":"https:\/\/www.caleido.it\/de\/wp-json\/wp\/v2\/comments?post=9091"}],"version-history":[{"count":1,"href":"https:\/\/www.caleido.it\/de\/wp-json\/wp\/v2\/posts\/9091\/revisions"}],"predecessor-version":[{"id":9093,"href":"https:\/\/www.caleido.it\/de\/wp-json\/wp\/v2\/posts\/9091\/revisions\/9093"}],"wp:featuredmedia":[{"embeddable":true,"href":"https:\/\/www.caleido.it\/de\/wp-json\/wp\/v2\/media\/9092"}],"wp:attachment":[{"href":"https:\/\/www.caleido.it\/de\/wp-json\/wp\/v2\/media?parent=9091"}],"wp:term":[{"taxonomy":"category","embeddable":true,"href":"https:\/\/www.caleido.it\/de\/wp-json\/wp\/v2\/categories?post=9091"},{"taxonomy":"post_tag","embeddable":true,"href":"https:\/\/www.caleido.it\/de\/wp-json\/wp\/v2\/tags?post=9091"}],"curies":[{"name":"wp","href":"https:\/\/api.w.org\/{rel}","templated":true}]}}